{"id":5610,"date":"2023-06-29T08:10:26","date_gmt":"2023-06-29T08:10:26","guid":{"rendered":"https:\/\/ctvr.eu\/la-realite-virtuelle-dans-les-cours-ditalien\/"},"modified":"2024-03-20T14:08:20","modified_gmt":"2024-03-20T14:08:20","slug":"la-realite-virtuelle-dans-les-cours-ditalien","status":"publish","type":"post","link":"https:\/\/ctvr.eu\/fr\/la-realite-virtuelle-dans-les-cours-ditalien\/","title":{"rendered":"La r\u00e9alit\u00e9 virtuelle dans les cours d\u2019italien"},"content":{"rendered":"\t\t<div data-elementor-type=\"wp-post\" data-elementor-id=\"5610\" class=\"elementor elementor-5610 elementor-3159\" data-elementor-post-type=\"post\">\n\t\t\t\t\t\t<section class=\"elementor-section elementor-top-section elementor-element elementor-element-118bb11 elementor-section-boxed elementor-section-height-default elementor-section-height-default\" data-id=\"118bb11\" data-element_type=\"section\">\n\t\t\t\t\t\t<div class=\"elementor-container elementor-column-gap-default\">\n\t\t\t\t\t<div class=\"elementor-column elementor-col-100 elementor-top-column elementor-element elementor-element-9fad222\" data-id=\"9fad222\" data-element_type=\"column\">\n\t\t\t<div class=\"elementor-widget-wrap elementor-element-populated\">\n\t\t\t\t\t\t<div class=\"elementor-element elementor-element-02bcb91 elementor-widget elementor-widget-text-editor\" data-id=\"02bcb91\" data-element_type=\"widget\" data-widget_type=\"text-editor.default\">\n\t\t\t\t<div class=\"elementor-widget-container\">\n\t\t\t\t\t\t\t<p><strong>Outil RV\/AR Exemple de pratique Slov\u00e9nie<\/strong><\/p><p><strong>Auteurs<\/strong> : Mateja Kumar, Centre \u0160olski Nova Gorica<\/p><p><strong>Secteur : <\/strong>Soutien par la RV\/RA \u00c9ducation formelle<\/p><p><strong>Licence : <\/strong>Open source<\/p>\t\t\t\t\t\t<\/div>\n\t\t\t\t<\/div>\n\t\t\t\t<div class=\"elementor-element elementor-element-ef237ce elementor-widget elementor-widget-text-editor\" data-id=\"ef237ce\" data-element_type=\"widget\" data-widget_type=\"text-editor.default\">\n\t\t\t\t<div class=\"elementor-widget-container\">\n\t\t\t\t\t\t\t<h4>Description<\/h4><p>Confront\u00e9e au d\u00e9fi d\u2019encourager les \u00e9l\u00e8ves \u00e0 parler spontan\u00e9ment dans une langue \u00e9trang\u00e8re et d\u2019\u00e9liminer les obstacles \u00e0 la pr\u00e9sentation en public, Mateja Kumar, enseignante d\u2019italien dans une \u00e9cole h\u00f4teli\u00e8re, a utilis\u00e9 la r\u00e9alit\u00e9 virtuelle, qui permet \u00e0 l\u2019\u00e9l\u00e8ve d\u2019\u00eatre repr\u00e9sent\u00e9 par un avatar.<\/p><p>Les \u00e9l\u00e8ves d\u00e9veloppent une comp\u00e9tence num\u00e9rique dans les cours de langues \u00e9trang\u00e8res et peuvent mieux appr\u00e9hender :<\/p><ul><li>la recherche, la collecte, le traitement et l\u2019\u00e9valuation des informations,<\/li><li>la communication et la coop\u00e9ration \u00e0 distance,<\/li><li>la production et la publication de documentation,<\/li><li>l\u2019utilisation plus s\u00fbre et plus respectueuse des TIC.<\/li><\/ul><p>L\u2019utilisant du num\u00e9rique dans les cours de langues \u00e9trang\u00e8res favorise :<\/p><ul><li>la capacit\u00e9 \u00e0 communiquer dans une langue \u00e9trang\u00e8re,<\/li><li>la sensibilisation g\u00e9n\u00e9rale,<\/li><li>le d\u00e9veloppement des comp\u00e9tences interculturelles,<\/li><li>la cr\u00e9ativit\u00e9 verbale, linguistique et visuelle,<\/li><li>la pr\u00e9sentation et la publication de productions.<\/li><\/ul><p>Mozilla propose une plateforme de communication \u00e0 distance immersive, gratuite (dans la limite de 10 participants), ind\u00e9pendante du mat\u00e9riel et simple \u00e0 utiliser : <a href=\"https:\/\/hubs.mozilla.com\/\" target=\"_blank\" rel=\"noopener\">https:\/\/hubs.mozilla.com\/<\/a>. Les utilisateurs sont dans un espace virtuel avec la possibilit\u00e9 d\u2019interagir, de communiquer et de partager des documents en temps r\u00e9el. Il fonctionne dans un navigateur web et est donc disponible sur ordinateur, tablette et smartphone disposant d\u2019une connexion internet.<\/p><p>Les r\u00e9sultats positifs sont une motivation accrue, la coop\u00e9ration, des interactions, la relaxation et la cr\u00e9ativit\u00e9 des \u00e9l\u00e8ves.<\/p><h4>Groupes cibles<\/h4><p>El\u00e8ves pouvant interagir en ligne<\/p>\t\t\t\t\t\t<\/div>\n\t\t\t\t<\/div>\n\t\t\t\t<div class=\"elementor-element elementor-element-ac4f5a8 elementor-widget elementor-widget-spacer\" data-id=\"ac4f5a8\" data-element_type=\"widget\" data-widget_type=\"spacer.default\">\n\t\t\t\t<div class=\"elementor-widget-container\">\n\t\t\t\t\t<div class=\"elementor-spacer\">\n\t\t\t<div class=\"elementor-spacer-inner\"><\/div>\n\t\t<\/div>\n\t\t\t\t<\/div>\n\t\t\t\t<\/div>\n\t\t\t\t<div class=\"elementor-element elementor-element-2725d2c elementor-align-center elementor-widget elementor-widget-button\" data-id=\"2725d2c\" data-element_type=\"widget\" data-widget_type=\"button.default\">\n\t\t\t\t<div class=\"elementor-widget-container\">\n\t\t\t\t\t<div class=\"elementor-button-wrapper\">\n\t\t\t<a class=\"elementor-button elementor-button-link elementor-size-sm\" href=\"https:\/\/video.arnes.si\/watch\/w4j28s1ys27f\" target=\"_blank\" rel=\"noopener\">\n\t\t\t\t\t\t<span class=\"elementor-button-content-wrapper\">\n\t\t\t\t\t\t\t\t\t<span class=\"elementor-button-text\">Pr\u00e9sentation vid\u00e9o<\/span>\n\t\t\t\t\t<\/span>\n\t\t\t\t\t<\/a>\n\t\t<\/div>\n\t\t\t\t<\/div>\n\t\t\t\t<\/div>\n\t\t\t\t\t<\/div>\n\t\t<\/div>\n\t\t\t\t\t<\/div>\n\t\t<\/section>\n\t\t\t\t<\/div>\n\t\t","protected":false},"excerpt":{"rendered":"<p>Outil RV\/AR Exemple de pratique Slov\u00e9nie Auteurs : Mateja Kumar, Centre \u0160olski Nova Gorica Secteur : Soutien par la RV\/RA \u00c9ducation formelle Licence : Open&hellip;<\/p>\n","protected":false},"author":4,"featured_media":3401,"comment_status":"closed","ping_status":"closed","sticky":false,"template":"","format":"standard","meta":{"footnotes":""},"categories":[272,263,265],"tags":[],"class_list":["post-5610","post","type-post","status-publish","format-standard","has-post-thumbnail","hentry","category-slovenie","category-exemple-de-bonne-pratique","category-outil-rv-ar"],"_links":{"self":[{"href":"https:\/\/ctvr.eu\/fr\/wp-json\/wp\/v2\/posts\/5610","targetHints":{"allow":["GET"]}}],"collection":[{"href":"https:\/\/ctvr.eu\/fr\/wp-json\/wp\/v2\/posts"}],"about":[{"href":"https:\/\/ctvr.eu\/fr\/wp-json\/wp\/v2\/types\/post"}],"author":[{"embeddable":true,"href":"https:\/\/ctvr.eu\/fr\/wp-json\/wp\/v2\/users\/4"}],"replies":[{"embeddable":true,"href":"https:\/\/ctvr.eu\/fr\/wp-json\/wp\/v2\/comments?post=5610"}],"version-history":[{"count":7,"href":"https:\/\/ctvr.eu\/fr\/wp-json\/wp\/v2\/posts\/5610\/revisions"}],"predecessor-version":[{"id":6830,"href":"https:\/\/ctvr.eu\/fr\/wp-json\/wp\/v2\/posts\/5610\/revisions\/6830"}],"wp:featuredmedia":[{"embeddable":true,"href":"https:\/\/ctvr.eu\/fr\/wp-json\/wp\/v2\/media\/3401"}],"wp:attachment":[{"href":"https:\/\/ctvr.eu\/fr\/wp-json\/wp\/v2\/media?parent=5610"}],"wp:term":[{"taxonomy":"category","embeddable":true,"href":"https:\/\/ctvr.eu\/fr\/wp-json\/wp\/v2\/categories?post=5610"},{"taxonomy":"post_tag","embeddable":true,"href":"https:\/\/ctvr.eu\/fr\/wp-json\/wp\/v2\/tags?post=5610"}],"curies":[{"name":"wp","href":"https:\/\/api.w.org\/{rel}","templated":true}]}}